{"id":6686,"date":"2025-08-29T05:26:11","date_gmt":"2025-08-29T04:26:11","guid":{"rendered":"https:\/\/medical-it-valley.de\/?p=6686"},"modified":"2025-08-29T05:26:12","modified_gmt":"2025-08-29T04:26:12","slug":"gesundheitskongress-muenchen","status":"publish","type":"post","link":"https:\/\/medical-it-valley.de\/?p=6686","title":{"rendered":"Gesundheitskongress M\u00fcnchen"},"content":{"rendered":"\n<p>Am 21.\/22.10.2025 findet der 24. Europ\u00e4ische Gesundheitskongress in M\u00fcnchen statt. Heino Kuhlemann (Medical IT Valley) nimmt an spannenden Vortr\u00e4gen und Diskussionen teil, trifft Akteure und baut das starke Netzwerk weiter aus. Zum <a href=\"https:\/\/www.gesundheitskongress.de\/herzlich-willkommen.html\">Programm<\/a><\/p>\n\n\n\n<figure class=\"wp-block-image size-large\"><a href=\"https:\/\/medical-it-valley.de\/wp-content\/uploads\/2025\/08\/Bildschirmfoto-2025-08-29-um-06.25.38.png\"><img loading=\"lazy\" decoding=\"async\" width=\"1024\" height=\"353\" src=\"https:\/\/medical-it-valley.de\/wp-content\/uploads\/2025\/08\/Bildschirmfoto-2025-08-29-um-06.25.38-1024x353.png\" alt=\"\" class=\"wp-image-6687\" srcset=\"https:\/\/medical-it-valley.de\/wp-content\/uploads\/2025\/08\/Bildschirmfoto-2025-08-29-um-06.25.38-1024x353.png 1024w, https:\/\/medical-it-valley.de\/wp-content\/uploads\/2025\/08\/Bildschirmfoto-2025-08-29-um-06.25.38-300x104.png 300w, https:\/\/medical-it-valley.de\/wp-content\/uploads\/2025\/08\/Bildschirmfoto-2025-08-29-um-06.25.38-768x265.png 768w, https:\/\/medical-it-valley.de\/wp-content\/uploads\/2025\/08\/Bildschirmfoto-2025-08-29-um-06.25.38-1536x530.png 1536w, https:\/\/medical-it-valley.de\/wp-content\/uploads\/2025\/08\/Bildschirmfoto-2025-08-29-um-06.25.38-700x242.png 700w, https:\/\/medical-it-valley.de\/wp-content\/uploads\/2025\/08\/Bildschirmfoto-2025-08-29-um-06.25.38.png 1542w\" sizes=\"auto, (max-width: 1024px) 100vw, 1024px\" \/><\/a><\/figure>\n","protected":false},"excerpt":{"rendered":"<p>Am 21.\/22.10.2025 findet der 24. Europ\u00e4ische Gesundheitskongress in M\u00fcnchen statt. Heino Kuhlemann (Medical IT Valley) nimmt an spannenden Vortr\u00e4gen und Diskussionen teil, trifft Akteure und baut das starke Netzwerk weiter aus. Zum Programm<\/p>\n","protected":false},"author":1,"featured_media":6687,"comment_status":"closed","ping_status":"closed","sticky":false,"template":"","format":"standard","meta":{"footnotes":""},"categories":[1],"tags":[],"class_list":["post-6686","post","type-post","status-publish","format-standard","has-post-thumbnail","hentry","category-allgemein"],"_links":{"self":[{"href":"https:\/\/medical-it-valley.de\/index.php?rest_route=\/wp\/v2\/posts\/6686","targetHints":{"allow":["GET"]}}],"collection":[{"href":"https:\/\/medical-it-valley.de\/index.php?rest_route=\/wp\/v2\/posts"}],"about":[{"href":"https:\/\/medical-it-valley.de\/index.php?rest_route=\/wp\/v2\/types\/post"}],"author":[{"embeddable":true,"href":"https:\/\/medical-it-valley.de\/index.php?rest_route=\/wp\/v2\/users\/1"}],"replies":[{"embeddable":true,"href":"https:\/\/medical-it-valley.de\/index.php?rest_route=%2Fwp%2Fv2%2Fcomments&post=6686"}],"version-history":[{"count":1,"href":"https:\/\/medical-it-valley.de\/index.php?rest_route=\/wp\/v2\/posts\/6686\/revisions"}],"predecessor-version":[{"id":6688,"href":"https:\/\/medical-it-valley.de\/index.php?rest_route=\/wp\/v2\/posts\/6686\/revisions\/6688"}],"wp:featuredmedia":[{"embeddable":true,"href":"https:\/\/medical-it-valley.de\/index.php?rest_route=\/wp\/v2\/media\/6687"}],"wp:attachment":[{"href":"https:\/\/medical-it-valley.de\/index.php?rest_route=%2Fwp%2Fv2%2Fmedia&parent=6686"}],"wp:term":[{"taxonomy":"category","embeddable":true,"href":"https:\/\/medical-it-valley.de\/index.php?rest_route=%2Fwp%2Fv2%2Fcategories&post=6686"},{"taxonomy":"post_tag","embeddable":true,"href":"https:\/\/medical-it-valley.de\/index.php?rest_route=%2Fwp%2Fv2%2Ftags&post=6686"}],"curies":[{"name":"wp","href":"https:\/\/api.w.org\/{rel}","templated":true}]}}